{"id":6301,"date":"2025-08-20T13:05:30","date_gmt":"2025-08-20T17:05:30","guid":{"rendered":"https:\/\/valleebrasdunord.com\/?p=6301"},"modified":"2025-09-25T10:24:59","modified_gmt":"2025-09-25T14:24:59","slug":"cest-le-temps-de-la-chasse-2025","status":"publish","type":"post","link":"https:\/\/valleebrasdunord.com\/en\/cest-le-temps-de-la-chasse-2025\/","title":{"rendered":"Hunting season is coming!"},"content":{"rendered":"<div class=\"xdj266r x11i5rnm xat24cr x1mh8g0r x1vvkbs x126k92a\">\n<p dir=\"auto\">Vall\u00e9e Bras-du-Nord would like to wish all landowners a great hunting season\u2014and to sincerely thank those who generously grant us rights of passage across their private land, year after year.<\/p>\n<\/div>\n<div dir=\"auto\"><\/div>\n<div class=\"x11i5rnm xat24cr x1mh8g0r x1vvkbs xtlvy1s x126k92a\">\n<p dir=\"auto\">In order to allow landowners to engage in hunting on their private land and to preserve this valuable partnership, we invite all our users to respect the current closures:<\/p>\n<div dir=\"auto\"><\/div>\n<\/div>\n<div class=\"x11i5rnm xat24cr x1mh8g0r x1vvkbs xtlvy1s x126k92a\">\n<h5 dir=\"auto\"><strong>Mountain bike<\/strong><\/h5>\n<ul>\n<li dir=\"auto\">Neilson Est : Sept. 20th to 28th. | Oct. 11th to 19th<\/li>\n<li dir=\"auto\">Oct. 11th to 19th<\/li>\n<li dir=\"auto\">Suisse Mountain (St-Raymond) : Starting from Oct. 27th<\/li>\n<\/ul>\n<\/div>\n<div class=\"x11i5rnm xat24cr x1mh8g0r x1vvkbs xtlvy1s x126k92a\">\n<h5 dir=\"auto\"><strong>Hiking<\/strong><\/h5>\n<ul>\n<li>Petit B\u00fbcher: Sept. 20th to 28th. | Oct. 11th to 19th<\/li>\n<li>Grand B\u00fbcher: Sept. 20th to 28th. | Oct. 11th to 19th<\/li>\n<li>Philosore: Sept. 20th to 26th<\/li>\n<li>Falaises: Nov. 8th to 16th<\/li>\n<\/ul>\n<\/div>\n<div dir=\"auto\"><\/div>\n<p dir=\"auto\" class=\"translation-block\">These closures affect only a small portion of our network and for a very limited time.\n\nCheck our <a href=\"https:\/\/valleebrasdunord.com\/en\/trail-map-bike\/\" target=\"_self\">mountain bike<\/a> or <a href=\"https:\/\/valleebrasdunord.com\/en\/trail-map-hiking\/\" target=\"_self\">hiking trail conditions<\/a> to see what\u2019s open and start planning your next epic adventure in the Vall\u00e9e!<\/p>\n<div class=\"x11i5rnm xat24cr x1mh8g0r x1vvkbs xtlvy1s x126k92a\">\n<p dir=\"auto\"><a href=\"https:\/\/valleebrasdunord.com\/en\/the-cooperative\/sustainable-tourism\/\"><strong>DISCOVER OUR COOPERATIVE MODEL &gt;<\/strong><\/a><\/p>\n<\/div>","protected":false},"excerpt":{"rendered":"<p>La Vall\u00e9e Bras-du-Nord tient \u00e0 souhaiter une excellente p\u00e9riode de chasse \u00e0 tous les propri\u00e9taires terriens qui nous accordent g\u00e9n\u00e9reusement des droits de passage sur leur terrain priv\u00e9, ann\u00e9e apr\u00e8s ann\u00e9e. Afin de permettre \u00e0 ces propri\u00e9taire de s&rsquo;adonner \u00e0 la chasse sur leur terrain priv\u00e9 et pour pr\u00e9server cette pr\u00e9cieuse collaboration, nous invitons tous &#8230; <a title=\"Hunting season is coming!\" class=\"read-more\" href=\"https:\/\/valleebrasdunord.com\/en\/cest-le-temps-de-la-chasse-2025\/\" aria-label=\"Read more about Le temps de la chasse arrive!\">Read more<\/a><\/p>","protected":false},"author":3,"featured_media":5012,"comment_status":"closed","ping_status":"closed","sticky":false,"template":"","format":"standard","meta":{"_acf_changed":false,"inline_featured_image":false,"footnotes":""},"categories":[1],"class_list":["post-6301","post","type-post","status-publish","format-standard","has-post-thumbnail","hentry","category-nouvelles","types-activites-randonnee-pedestre","types-activites-velo-de-montagne"],"acf":[],"_links":{"self":[{"href":"https:\/\/valleebrasdunord.com\/en\/wp-json\/wp\/v2\/posts\/6301","targetHints":{"allow":["GET"]}}],"collection":[{"href":"https:\/\/valleebrasdunord.com\/en\/wp-json\/wp\/v2\/posts"}],"about":[{"href":"https:\/\/valleebrasdunord.com\/en\/wp-json\/wp\/v2\/types\/post"}],"author":[{"embeddable":true,"href":"https:\/\/valleebrasdunord.com\/en\/wp-json\/wp\/v2\/users\/3"}],"replies":[{"embeddable":true,"href":"https:\/\/valleebrasdunord.com\/en\/wp-json\/wp\/v2\/comments?post=6301"}],"version-history":[{"count":4,"href":"https:\/\/valleebrasdunord.com\/en\/wp-json\/wp\/v2\/posts\/6301\/revisions"}],"predecessor-version":[{"id":6340,"href":"https:\/\/valleebrasdunord.com\/en\/wp-json\/wp\/v2\/posts\/6301\/revisions\/6340"}],"wp:featuredmedia":[{"embeddable":true,"href":"https:\/\/valleebrasdunord.com\/en\/wp-json\/wp\/v2\/media\/5012"}],"wp:attachment":[{"href":"https:\/\/valleebrasdunord.com\/en\/wp-json\/wp\/v2\/media?parent=6301"}],"wp:term":[{"taxonomy":"category","embeddable":true,"href":"https:\/\/valleebrasdunord.com\/en\/wp-json\/wp\/v2\/categories?post=6301"}],"curies":[{"name":"wp","href":"https:\/\/api.w.org\/{rel}","templated":true}]}}